{"id":729,"date":"2022-07-20T11:59:15","date_gmt":"2022-07-20T09:59:15","guid":{"rendered":"https:\/\/www.porrinifrancospa.it\/?p=729"},"modified":"2025-09-05T14:51:16","modified_gmt":"2025-09-05T12:51:16","slug":"leffetto-mucolitico-per-cavalli-attraverso-lalimentazione-complementare","status":"publish","type":"post","link":"https:\/\/www.porrinifrancospa.it\/it\/dentro-il-box\/leffetto-mucolitico-per-cavalli-attraverso-lalimentazione-complementare\/","title":{"rendered":"L\u2019effetto mucolitico per cavalli attraverso l\u2019alimentazione complementare"},"content":{"rendered":"\t\t<div data-elementor-type=\"wp-post\" data-elementor-id=\"729\" class=\"elementor elementor-729\" data-elementor-post-type=\"post\">\n\t\t\t\t\t\t<section class=\"elementor-section elementor-top-section elementor-element elementor-element-eebd1c2 elementor-section-boxed elementor-section-height-default elementor-section-height-default\" data-id=\"eebd1c2\" data-element_type=\"section\" data-settings=\"{&quot;background_background&quot;:&quot;classic&quot;}\">\n\t\t\t\t\t\t<div class=\"elementor-container elementor-column-gap-default\">\n\t\t\t\t\t<div class=\"elementor-column elementor-col-100 elementor-top-column elementor-element elementor-element-606d868\" data-id=\"606d868\" data-element_type=\"column\">\n\t\t\t<div class=\"elementor-widget-wrap elementor-element-populated\">\n\t\t\t\t\t\t<div class=\"elementor-element elementor-element-08178af elementor-widget elementor-widget-heading\" data-id=\"08178af\" data-element_type=\"widget\" data-widget_type=\"heading.default\">\n\t\t\t\t<div class=\"elementor-widget-container\">\n\t\t\t\t\t<h1 class=\"elementor-heading-title elementor-size-default\">L\u2019effetto mucolitico per cavalli attraverso l\u2019alimentazione complementare<\/h1>\t\t\t\t<\/div>\n\t\t\t\t<\/div>\n\t\t\t\t\t<\/div>\n\t\t<\/div>\n\t\t\t\t\t<\/div>\n\t\t<\/section>\n\t\t\t\t<section class=\"elementor-section elementor-top-section elementor-element elementor-element-e536901 elementor-section-boxed elementor-section-height-default elementor-section-height-default\" data-id=\"e536901\" data-element_type=\"section\" data-settings=\"{&quot;background_background&quot;:&quot;gradient&quot;}\">\n\t\t\t\t\t\t<div class=\"elementor-container elementor-column-gap-default\">\n\t\t\t\t\t<div class=\"elementor-column elementor-col-100 elementor-top-column elementor-element elementor-element-7a8d2cd\" data-id=\"7a8d2cd\" data-element_type=\"column\">\n\t\t\t<div class=\"elementor-widget-wrap elementor-element-populated\">\n\t\t\t\t\t\t<div class=\"elementor-element elementor-element-9da6885 elementor-widget elementor-widget-image\" data-id=\"9da6885\" data-element_type=\"widget\" data-widget_type=\"image.default\">\n\t\t\t\t<div class=\"elementor-widget-container\">\n\t\t\t\t\t\t\t\t\t\t\t\t\t\t\t<img fetchpriority=\"high\" decoding=\"async\" width=\"800\" height=\"534\" src=\"https:\/\/www.porrinifrancospa.it\/wp-content\/uploads\/2022\/07\/mucolitici-cavalli-porrini.jpg\" class=\"attachment-large size-large wp-image-731\" alt=\"L\u2019effetto mucolitico per cavalli attraverso l\u2019alimentazione - Porrini\" srcset=\"https:\/\/www.porrinifrancospa.it\/wp-content\/uploads\/2022\/07\/mucolitici-cavalli-porrini.jpg 1024w, https:\/\/www.porrinifrancospa.it\/wp-content\/uploads\/2022\/07\/mucolitici-cavalli-porrini-300x200.jpg 300w, https:\/\/www.porrinifrancospa.it\/wp-content\/uploads\/2022\/07\/mucolitici-cavalli-porrini-768x513.jpg 768w\" sizes=\"(max-width: 800px) 100vw, 800px\" \/>\t\t\t\t\t\t\t\t\t\t\t\t\t\t\t<\/div>\n\t\t\t\t<\/div>\n\t\t\t\t\t<\/div>\n\t\t<\/div>\n\t\t\t\t\t<\/div>\n\t\t<\/section>\n\t\t\t\t<section class=\"elementor-section elementor-top-section elementor-element elementor-element-2eeb97d elementor-section-boxed elementor-section-height-default elementor-section-height-default\" data-id=\"2eeb97d\" data-element_type=\"section\">\n\t\t\t\t\t\t<div class=\"elementor-container elementor-column-gap-default\">\n\t\t\t\t\t<div class=\"elementor-column elementor-col-100 elementor-top-column elementor-element elementor-element-c66066a\" data-id=\"c66066a\" data-element_type=\"column\">\n\t\t\t<div class=\"elementor-widget-wrap elementor-element-populated\">\n\t\t\t\t\t\t<div class=\"elementor-element elementor-element-e3e06fa elementor-widget elementor-widget-text-editor\" data-id=\"e3e06fa\" data-element_type=\"widget\" data-widget_type=\"text-editor.default\">\n\t\t\t\t<div class=\"elementor-widget-container\">\n\t\t\t\t\t\t\t\t\t<p>L\u2019apparato respiratorio del cavallo \u00e8 costituito da una struttura molto complessa che richiede grande cura e considerazione per rimanere in salute. Si pu\u00f2 ottenere un effetto mucolitico per cavalli portentoso se si integrano nella sua dieta mangimi complementari di qualit\u00e0.<\/p><p>Il cavallo \u00e8 per sua natura un animale molto curioso che impiega l\u2019olfatto per molteplici codici olfattivi. Per questo il lasciare i propri odori, individuare quelli altrui e saperli interpretare, \u00e8 per lui utile non solo per informarsi dell\u2019ambiente circostante ma per sentirsi sereno.<\/p><p>Anche il<b> primissimo legame tra fattrice e puledro<\/b> si stabilisce attraverso l\u2019olfatto: la madre leccher\u00e0 il piccolo per stabilirne l\u2019appartenenza impregnandolo del suo odore. Lui annusandola spesso imparer\u00e0 ad orientarsi nel mondo.<\/p><p>Per un cavallo <b>le vie respiratorie<\/b> e l\u2019olfatto sono un mezzo per la scoperta del mondo e per la sua crescita psichica: \u00e8 importante prendersene cura al meglio. Scopriamo come aiutarlo con un\u2019integrazione naturale adeguata.<\/p><p><b>Effetto mucolitico per cavalli con l\u2019integrazione alimentare<\/b><\/p><p>L\u2019apparato respiratorio provvede innanzitutto allo scambio di anidride carbonica e ossigeno cos\u00ec che il sangue ne risulti purificato e vi sia un corretto funzionamento di tutte le cellule dell\u2019organismo.<\/p><p>Anatomicamente le vie respiratorie del cavallo si suddividono in:<\/p><ul><li><b>Vie aeree respiratorie superiori: <\/b>ovvero quelle extra-toraciche quali il naso e le sue cavit\u00e0, la faringe, la laringe e la trachea. Esse sono chiamate a regolare la temperatura, l\u2019afflusso e il punto di umidit\u00e0 dell\u2019aria. Le vie respiratorie aeree superiori trattengono ed eliminano anche gran parte delle impurit\u00e0.<\/li><li><b>Le vie respiratorie aeree inferiori:<\/b> quelle intratoraciche come i bronchi, bronchioli e alveoli sono presenti nel tessuto polmonare e sono delicatissime agli sbalzi di temperatura.<br \/><br \/><\/li><\/ul><p>Nel cavallo il<b> transito dell\u2019aria <\/b>avviene solo per via nasale, egli compie dai 10 ai 15 atti di inspirazione ed espirazione al minuto. La frequenza della respirazione pu\u00f2 certo variare a seconda della razza, et\u00e0, sesso, mole del cavallo. La ripetizione varia anche per la digestione e la tipologia di lavoro che ovviamente si trova a compiere l\u2019animale.<\/p><p>Talvolta per\u00f2 si registrano degli<b> aumenti incredibili della frequenza degli atti respiratori<\/b> (tachipnea) che indicano stati patologici come polmoniti in atto, pleuriti, bronchiti infettive o reumatismi.<\/p><p>Un cavallo con le vie respiratorie che non lavorano bene aumenta il suo respiro perch\u00e9 gli alveoli polmonari perdono elasticit\u00e0 e l\u2019espirazione avverr\u00e0 in genere in due tempi.<\/p><p>Per mantenere sano <b>l\u2019apparato respiratorio nei cavalli,<\/b> ridurre l\u2019infiammazione della gola e facilitare l\u2019eliminazione dei muchi esistono oggi numerosi alimenti complementari. Si tratta di integratori e granuli che completano il trattamento farmacologico e l\u2019alimentazione sana e mirano a rinforzare il sistema immunitario sul lungo tempo.<\/p>\t\t\t\t\t\t\t\t<\/div>\n\t\t\t\t<\/div>\n\t\t\t\t<div class=\"elementor-element elementor-element-7f14f58 elementor-widget elementor-widget-heading\" data-id=\"7f14f58\" data-element_type=\"widget\" data-widget_type=\"heading.default\">\n\t\t\t\t<div class=\"elementor-widget-container\">\n\t\t\t\t\t<h2 class=\"elementor-heading-title elementor-size-default\">Mucolitico per cavalli: proteggere le sue vie respiratorie naturalmente<\/h2>\t\t\t\t<\/div>\n\t\t\t\t<\/div>\n\t\t\t\t<div class=\"elementor-element elementor-element-ba406f1 elementor-widget elementor-widget-text-editor\" data-id=\"ba406f1\" data-element_type=\"widget\" data-widget_type=\"text-editor.default\">\n\t\t\t\t<div class=\"elementor-widget-container\">\n\t\t\t\t\t\t\t\t\t<p>\u00c8 possibile somministrare al tuo cavallo un complemento nutrizionale ricco di <b>erbe officinali<\/b> che gli garantir\u00e0 un\u2019azione naturalmente immunostimolante ed espettorante essenziale per ridurre i disturbi delle vie aeree superiori. Questo tipo di <b>mucolitico per cavalli <\/b>\u00e8 indicato sia prima che durante le stagioni fredde per contrastare le patologie dell\u2019apparato respiratorio ma anche per <b>mantenere protetti sempre i bronchi e i polmoni.<\/b><\/p><p>Un buon prodotto, che svolga realmente un effetto mucolitico sulle vie respiratorie, dovr\u00e0 fungere da broncodilatatore e antispasmodico, fluidificare a livello bronchiale e svolgere un\u2019azione antisettica.<\/p><p>Tra le erbe officinali o gli estratti maggiormente indicati per proteggere le vie respiratorie e ottenere un effetto mucolitico per cavalli ricordiamo:<\/p><ul><li>L\u2019<b><i>Adhatoda vasica<\/i><\/b>: una pianta impiegata dalla medicina ayurvedica da centinaia di anni in grado di svolgere una vasta azione broncodilatatrice ed espettorante.<\/li><li>La<b><i> Glycyrhiza glabra<\/i><\/b> (comunemente detta liquirizia) \u00e8 una pianta erbacea perenne dall\u2019azione espettorante, antispasmodica e lenitiva portentosa sull\u2019apparato respiratorio del cavallo.<br \/><i><b><\/b><\/i><\/li><li><i><b>Hedychium spicatum<\/b><\/i> una finissima e profumata polvere giallina, che in recenti studi ha dimostrato possedere numerose propriet\u00e0 antinfiammatorie, antispasmodiche e calmanti.<\/li><li>Lo <b><i>Zingiber officinalis<\/i><\/b> (zenzero) proveniente dall\u2019estremo oriente \u00e8 una pianta officinale con propriet\u00e0 antinfiammatorie interessantissime.<\/li><li>Il <b><i>Piper nigrum <\/i><\/b>(pepe nero) \u00e8 molto indicato nel trattamento delle riniti perch\u00e9 funge da protettore delle mucose per quei cavalli molto esposti ad improvvisi cambi climatici.<\/li><\/ul>\t\t\t\t\t\t\t\t<\/div>\n\t\t\t\t<\/div>\n\t\t\t\t<div class=\"elementor-element elementor-element-d1d4cbd elementor-widget elementor-widget-heading\" data-id=\"d1d4cbd\" data-element_type=\"widget\" data-widget_type=\"heading.default\">\n\t\t\t\t<div class=\"elementor-widget-container\">\n\t\t\t\t\t<h2 class=\"elementor-heading-title elementor-size-default\">Preservare le vie respiratorie del cavallo: i nostri consigli<\/h2>\t\t\t\t<\/div>\n\t\t\t\t<\/div>\n\t\t\t\t<div class=\"elementor-element elementor-element-fafa2f7 elementor-widget elementor-widget-text-editor\" data-id=\"fafa2f7\" data-element_type=\"widget\" data-widget_type=\"text-editor.default\">\n\t\t\t\t<div class=\"elementor-widget-container\">\n\t\t\t\t\t\t\t\t\t<p>Sebbene oggi esistano degli integratori naturali in grado di coadiuvare l\u2019azione farmacologica e aiutare nella guarigione delle affezioni dell\u2019apparato respiratorio: \u00e8 importante anche preservare il tuo cavallo con una serie di piccoli accorgimenti.<\/p><ol><li>Dopo l\u2019allenamento pre-gara o una passeggiata intensa<strong> non dimenticare mai di asciugare l\u2019epidermide<\/strong> del cavallo per evitare che si raffreddi.<\/li><li>Offrirgli solo <strong>mangimi per cavalli di qualit\u00e0<\/strong> privi di polveri e muffe che potrebbero irritare notevolmente le vie respiratorie.<\/li><li>Dare importanza alla lettiera, essa deve essere comoda e con il minor numero di particelle di polveri. Per evitare che inali le esalazioni delle deiezioni e irriti le vie respiratorie dovrete cambiarla con regolarit\u00e0. Le nostre lettiere Porrini sono realizzate solo con <strong>abeti scelti, nessuno scarto di falegnameria, colle e componenti chimiche nocive.<\/strong><\/li><li>Preservare le vie respiratorie del cavallo vuol dire ricordarsi che passa gran parte del<strong> suo tempo nel box, che questo sia areato<\/strong> ma non troppo esposto a correnti d\u2019aria.<\/li><\/ol><p><br \/>Rendi pi\u00f9 forte il suo apparato respiratorio applicando questi piccoli accorgimenti e utilizzando dei mucolitici per cavalli di qualit\u00e0 per completare la sua alimentazione consueta.<\/p>\t\t\t\t\t\t\t\t<\/div>\n\t\t\t\t<\/div>\n\t\t\t\t\t<\/div>\n\t\t<\/div>\n\t\t\t\t\t<\/div>\n\t\t<\/section>\n\t\t\t\t<\/div>\n\t\t","protected":false},"excerpt":{"rendered":"<p>L\u2019effetto mucolitico per cavalli attraverso l\u2019alimentazione complementare L\u2019apparato respiratorio del cavallo \u00e8 costituito da una struttura molto complessa che richiede grande cura e considerazione per rimanere in salute. Si pu\u00f2 ottenere un effetto mucolitico per cavalli portentoso se si integrano nella sua dieta mangimi complementari di qualit\u00e0. Il cavallo \u00e8 per sua natura un animale [&hellip;]<\/p>\n","protected":false},"author":1,"featured_media":731,"comment_status":"closed","ping_status":"open","sticky":false,"template":"","format":"standard","meta":{"footnotes":""},"categories":[10],"tags":[],"class_list":["post-729","post","type-post","status-publish","format-standard","has-post-thumbnail","hentry","category-dentro-il-box"],"yoast_head":"<!-- This site is optimized with the Yoast SEO plugin v24.5 - https:\/\/yoast.com\/wordpress\/plugins\/seo\/ -->\n<title>L\u2019effetto mucolitico per cavalli attraverso l\u2019alimentazione<\/title>\n<meta name=\"description\" content=\"L\u2019apparato respiratorio del cavallo richiede grande cura per rimanere in salute. Esistono principi portentosi che fungono da mucolitico per cavalli. Si tratta dei nostri integratori in grado di preservare le sue vie respiratorie naturalmente.\" \/>\n<meta name=\"robots\" content=\"index, follow, max-snippet:-1, max-image-preview:large, max-video-preview:-1\" \/>\n<link rel=\"canonical\" href=\"https:\/\/www.porrinifrancospa.it\/it\/dentro-il-box\/leffetto-mucolitico-per-cavalli-attraverso-lalimentazione-complementare\/\" \/>\n<meta property=\"og:locale\" content=\"it_IT\" \/>\n<meta property=\"og:type\" content=\"article\" \/>\n<meta property=\"og:title\" content=\"L\u2019effetto mucolitico per cavalli attraverso l\u2019alimentazione\" \/>\n<meta property=\"og:description\" content=\"L\u2019apparato respiratorio del cavallo richiede grande cura per rimanere in salute. Esistono principi portentosi che fungono da mucolitico per cavalli. Si tratta dei nostri integratori in grado di preservare le sue vie respiratorie naturalmente.\" \/>\n<meta property=\"og:url\" content=\"https:\/\/www.porrinifrancospa.it\/it\/dentro-il-box\/leffetto-mucolitico-per-cavalli-attraverso-lalimentazione-complementare\/\" \/>\n<meta property=\"og:site_name\" content=\"Porrini Franco S.p.A.\" \/>\n<meta property=\"article:publisher\" content=\"https:\/\/www.facebook.com\/PorriniSpa\/\" \/>\n<meta property=\"article:published_time\" content=\"2022-07-20T09:59:15+00:00\" \/>\n<meta property=\"article:modified_time\" content=\"2025-09-05T12:51:16+00:00\" \/>\n<meta property=\"og:image\" content=\"https:\/\/www.porrinifrancospa.it\/wp-content\/uploads\/2022\/07\/mucolitici-cavalli-porrini.jpg\" \/>\n\t<meta property=\"og:image:width\" content=\"1024\" \/>\n\t<meta property=\"og:image:height\" content=\"684\" \/>\n\t<meta property=\"og:image:type\" content=\"image\/jpeg\" \/>\n<meta name=\"author\" content=\"unique-admin\" \/>\n<meta name=\"twitter:card\" content=\"summary_large_image\" \/>\n<meta name=\"twitter:label1\" content=\"Scritto da\" \/>\n\t<meta name=\"twitter:data1\" content=\"unique-admin\" \/>\n\t<meta name=\"twitter:label2\" content=\"Tempo di lettura stimato\" \/>\n\t<meta name=\"twitter:data2\" content=\"5 minuti\" \/>\n<script type=\"application\/ld+json\" class=\"yoast-schema-graph\">{\"@context\":\"https:\/\/schema.org\",\"@graph\":[{\"@type\":\"Article\",\"@id\":\"https:\/\/www.porrinifrancospa.it\/it\/dentro-il-box\/leffetto-mucolitico-per-cavalli-attraverso-lalimentazione-complementare\/#article\",\"isPartOf\":{\"@id\":\"https:\/\/www.porrinifrancospa.it\/it\/dentro-il-box\/leffetto-mucolitico-per-cavalli-attraverso-lalimentazione-complementare\/\"},\"author\":{\"name\":\"unique-admin\",\"@id\":\"https:\/\/www.porrinifrancospa.it\/it\/#\/schema\/person\/7d6368ba8f8159558115b86c2c30ddcb\"},\"headline\":\"L\u2019effetto mucolitico per cavalli attraverso l\u2019alimentazione complementare\",\"datePublished\":\"2022-07-20T09:59:15+00:00\",\"dateModified\":\"2025-09-05T12:51:16+00:00\",\"mainEntityOfPage\":{\"@id\":\"https:\/\/www.porrinifrancospa.it\/it\/dentro-il-box\/leffetto-mucolitico-per-cavalli-attraverso-lalimentazione-complementare\/\"},\"wordCount\":876,\"publisher\":{\"@id\":\"https:\/\/www.porrinifrancospa.it\/it\/#organization\"},\"image\":{\"@id\":\"https:\/\/www.porrinifrancospa.it\/it\/dentro-il-box\/leffetto-mucolitico-per-cavalli-attraverso-lalimentazione-complementare\/#primaryimage\"},\"thumbnailUrl\":\"https:\/\/www.porrinifrancospa.it\/wp-content\/uploads\/2022\/07\/mucolitici-cavalli-porrini.jpg\",\"articleSection\":[\"Dentro il box\"],\"inLanguage\":\"it-IT\"},{\"@type\":\"WebPage\",\"@id\":\"https:\/\/www.porrinifrancospa.it\/it\/dentro-il-box\/leffetto-mucolitico-per-cavalli-attraverso-lalimentazione-complementare\/\",\"url\":\"https:\/\/www.porrinifrancospa.it\/it\/dentro-il-box\/leffetto-mucolitico-per-cavalli-attraverso-lalimentazione-complementare\/\",\"name\":\"L\u2019effetto mucolitico per cavalli attraverso l\u2019alimentazione\",\"isPartOf\":{\"@id\":\"https:\/\/www.porrinifrancospa.it\/it\/#website\"},\"primaryImageOfPage\":{\"@id\":\"https:\/\/www.porrinifrancospa.it\/it\/dentro-il-box\/leffetto-mucolitico-per-cavalli-attraverso-lalimentazione-complementare\/#primaryimage\"},\"image\":{\"@id\":\"https:\/\/www.porrinifrancospa.it\/it\/dentro-il-box\/leffetto-mucolitico-per-cavalli-attraverso-lalimentazione-complementare\/#primaryimage\"},\"thumbnailUrl\":\"https:\/\/www.porrinifrancospa.it\/wp-content\/uploads\/2022\/07\/mucolitici-cavalli-porrini.jpg\",\"datePublished\":\"2022-07-20T09:59:15+00:00\",\"dateModified\":\"2025-09-05T12:51:16+00:00\",\"description\":\"L\u2019apparato respiratorio del cavallo richiede grande cura per rimanere in salute. Esistono principi portentosi che fungono da mucolitico per cavalli. Si tratta dei nostri integratori in grado di preservare le sue vie respiratorie naturalmente.\",\"breadcrumb\":{\"@id\":\"https:\/\/www.porrinifrancospa.it\/it\/dentro-il-box\/leffetto-mucolitico-per-cavalli-attraverso-lalimentazione-complementare\/#breadcrumb\"},\"inLanguage\":\"it-IT\",\"potentialAction\":[{\"@type\":\"ReadAction\",\"target\":[\"https:\/\/www.porrinifrancospa.it\/it\/dentro-il-box\/leffetto-mucolitico-per-cavalli-attraverso-lalimentazione-complementare\/\"]}]},{\"@type\":\"ImageObject\",\"inLanguage\":\"it-IT\",\"@id\":\"https:\/\/www.porrinifrancospa.it\/it\/dentro-il-box\/leffetto-mucolitico-per-cavalli-attraverso-lalimentazione-complementare\/#primaryimage\",\"url\":\"https:\/\/www.porrinifrancospa.it\/wp-content\/uploads\/2022\/07\/mucolitici-cavalli-porrini.jpg\",\"contentUrl\":\"https:\/\/www.porrinifrancospa.it\/wp-content\/uploads\/2022\/07\/mucolitici-cavalli-porrini.jpg\",\"width\":1024,\"height\":684,\"caption\":\"L\u2019effetto mucolitico per cavalli attraverso l\u2019alimentazione - Porrini\"},{\"@type\":\"BreadcrumbList\",\"@id\":\"https:\/\/www.porrinifrancospa.it\/it\/dentro-il-box\/leffetto-mucolitico-per-cavalli-attraverso-lalimentazione-complementare\/#breadcrumb\",\"itemListElement\":[{\"@type\":\"ListItem\",\"position\":1,\"name\":\"Home\",\"item\":\"https:\/\/www.porrinifrancospa.it\/it\/\"},{\"@type\":\"ListItem\",\"position\":2,\"name\":\"L\u2019effetto mucolitico per cavalli attraverso l\u2019alimentazione complementare\"}]},{\"@type\":\"WebSite\",\"@id\":\"https:\/\/www.porrinifrancospa.it\/it\/#website\",\"url\":\"https:\/\/www.porrinifrancospa.it\/it\/\",\"name\":\"Porrini Franco S.p.A.\",\"description\":\"Fioccati, trucioli, alimentazione e mangimi per cavalli\",\"publisher\":{\"@id\":\"https:\/\/www.porrinifrancospa.it\/it\/#organization\"},\"potentialAction\":[{\"@type\":\"SearchAction\",\"target\":{\"@type\":\"EntryPoint\",\"urlTemplate\":\"https:\/\/www.porrinifrancospa.it\/it\/?s={search_term_string}\"},\"query-input\":{\"@type\":\"PropertyValueSpecification\",\"valueRequired\":true,\"valueName\":\"search_term_string\"}}],\"inLanguage\":\"it-IT\"},{\"@type\":\"Organization\",\"@id\":\"https:\/\/www.porrinifrancospa.it\/it\/#organization\",\"name\":\"Porrini Franco S.p.A.\",\"url\":\"https:\/\/www.porrinifrancospa.it\/it\/\",\"logo\":{\"@type\":\"ImageObject\",\"inLanguage\":\"it-IT\",\"@id\":\"https:\/\/www.porrinifrancospa.it\/it\/#\/schema\/logo\/image\/\",\"url\":\"https:\/\/www.porrinifrancospa.it\/wp-content\/uploads\/2021\/04\/porrini-logo.png\",\"contentUrl\":\"https:\/\/www.porrinifrancospa.it\/wp-content\/uploads\/2021\/04\/porrini-logo.png\",\"width\":360,\"height\":160,\"caption\":\"Porrini Franco S.p.A.\"},\"image\":{\"@id\":\"https:\/\/www.porrinifrancospa.it\/it\/#\/schema\/logo\/image\/\"},\"sameAs\":[\"https:\/\/www.facebook.com\/PorriniSpa\/\"]},{\"@type\":\"Person\",\"@id\":\"https:\/\/www.porrinifrancospa.it\/it\/#\/schema\/person\/7d6368ba8f8159558115b86c2c30ddcb\",\"name\":\"unique-admin\",\"image\":{\"@type\":\"ImageObject\",\"inLanguage\":\"it-IT\",\"@id\":\"https:\/\/www.porrinifrancospa.it\/it\/#\/schema\/person\/image\/\",\"url\":\"https:\/\/secure.gravatar.com\/avatar\/399a10d5a331b7c6f3e09887b8d45e25d720e90aff844d3b020e1a2140789e5d?s=96&d=mm&r=g\",\"contentUrl\":\"https:\/\/secure.gravatar.com\/avatar\/399a10d5a331b7c6f3e09887b8d45e25d720e90aff844d3b020e1a2140789e5d?s=96&d=mm&r=g\",\"caption\":\"unique-admin\"},\"sameAs\":[\"https:\/\/www.porrinifrancospa.it\"]}]}<\/script>\n<!-- \/ Yoast SEO plugin. -->","yoast_head_json":{"title":"L\u2019effetto mucolitico per cavalli attraverso l\u2019alimentazione","description":"L\u2019apparato respiratorio del cavallo richiede grande cura per rimanere in salute. Esistono principi portentosi che fungono da mucolitico per cavalli. Si tratta dei nostri integratori in grado di preservare le sue vie respiratorie naturalmente.","robots":{"index":"index","follow":"follow","max-snippet":"max-snippet:-1","max-image-preview":"max-image-preview:large","max-video-preview":"max-video-preview:-1"},"canonical":"https:\/\/www.porrinifrancospa.it\/it\/dentro-il-box\/leffetto-mucolitico-per-cavalli-attraverso-lalimentazione-complementare\/","og_locale":"it_IT","og_type":"article","og_title":"L\u2019effetto mucolitico per cavalli attraverso l\u2019alimentazione","og_description":"L\u2019apparato respiratorio del cavallo richiede grande cura per rimanere in salute. Esistono principi portentosi che fungono da mucolitico per cavalli. Si tratta dei nostri integratori in grado di preservare le sue vie respiratorie naturalmente.","og_url":"https:\/\/www.porrinifrancospa.it\/it\/dentro-il-box\/leffetto-mucolitico-per-cavalli-attraverso-lalimentazione-complementare\/","og_site_name":"Porrini Franco S.p.A.","article_publisher":"https:\/\/www.facebook.com\/PorriniSpa\/","article_published_time":"2022-07-20T09:59:15+00:00","article_modified_time":"2025-09-05T12:51:16+00:00","og_image":[{"width":1024,"height":684,"url":"https:\/\/www.porrinifrancospa.it\/wp-content\/uploads\/2022\/07\/mucolitici-cavalli-porrini.jpg","type":"image\/jpeg"}],"author":"unique-admin","twitter_card":"summary_large_image","twitter_misc":{"Scritto da":"unique-admin","Tempo di lettura stimato":"5 minuti"},"schema":{"@context":"https:\/\/schema.org","@graph":[{"@type":"Article","@id":"https:\/\/www.porrinifrancospa.it\/it\/dentro-il-box\/leffetto-mucolitico-per-cavalli-attraverso-lalimentazione-complementare\/#article","isPartOf":{"@id":"https:\/\/www.porrinifrancospa.it\/it\/dentro-il-box\/leffetto-mucolitico-per-cavalli-attraverso-lalimentazione-complementare\/"},"author":{"name":"unique-admin","@id":"https:\/\/www.porrinifrancospa.it\/it\/#\/schema\/person\/7d6368ba8f8159558115b86c2c30ddcb"},"headline":"L\u2019effetto mucolitico per cavalli attraverso l\u2019alimentazione complementare","datePublished":"2022-07-20T09:59:15+00:00","dateModified":"2025-09-05T12:51:16+00:00","mainEntityOfPage":{"@id":"https:\/\/www.porrinifrancospa.it\/it\/dentro-il-box\/leffetto-mucolitico-per-cavalli-attraverso-lalimentazione-complementare\/"},"wordCount":876,"publisher":{"@id":"https:\/\/www.porrinifrancospa.it\/it\/#organization"},"image":{"@id":"https:\/\/www.porrinifrancospa.it\/it\/dentro-il-box\/leffetto-mucolitico-per-cavalli-attraverso-lalimentazione-complementare\/#primaryimage"},"thumbnailUrl":"https:\/\/www.porrinifrancospa.it\/wp-content\/uploads\/2022\/07\/mucolitici-cavalli-porrini.jpg","articleSection":["Dentro il box"],"inLanguage":"it-IT"},{"@type":"WebPage","@id":"https:\/\/www.porrinifrancospa.it\/it\/dentro-il-box\/leffetto-mucolitico-per-cavalli-attraverso-lalimentazione-complementare\/","url":"https:\/\/www.porrinifrancospa.it\/it\/dentro-il-box\/leffetto-mucolitico-per-cavalli-attraverso-lalimentazione-complementare\/","name":"L\u2019effetto mucolitico per cavalli attraverso l\u2019alimentazione","isPartOf":{"@id":"https:\/\/www.porrinifrancospa.it\/it\/#website"},"primaryImageOfPage":{"@id":"https:\/\/www.porrinifrancospa.it\/it\/dentro-il-box\/leffetto-mucolitico-per-cavalli-attraverso-lalimentazione-complementare\/#primaryimage"},"image":{"@id":"https:\/\/www.porrinifrancospa.it\/it\/dentro-il-box\/leffetto-mucolitico-per-cavalli-attraverso-lalimentazione-complementare\/#primaryimage"},"thumbnailUrl":"https:\/\/www.porrinifrancospa.it\/wp-content\/uploads\/2022\/07\/mucolitici-cavalli-porrini.jpg","datePublished":"2022-07-20T09:59:15+00:00","dateModified":"2025-09-05T12:51:16+00:00","description":"L\u2019apparato respiratorio del cavallo richiede grande cura per rimanere in salute. Esistono principi portentosi che fungono da mucolitico per cavalli. Si tratta dei nostri integratori in grado di preservare le sue vie respiratorie naturalmente.","breadcrumb":{"@id":"https:\/\/www.porrinifrancospa.it\/it\/dentro-il-box\/leffetto-mucolitico-per-cavalli-attraverso-lalimentazione-complementare\/#breadcrumb"},"inLanguage":"it-IT","potentialAction":[{"@type":"ReadAction","target":["https:\/\/www.porrinifrancospa.it\/it\/dentro-il-box\/leffetto-mucolitico-per-cavalli-attraverso-lalimentazione-complementare\/"]}]},{"@type":"ImageObject","inLanguage":"it-IT","@id":"https:\/\/www.porrinifrancospa.it\/it\/dentro-il-box\/leffetto-mucolitico-per-cavalli-attraverso-lalimentazione-complementare\/#primaryimage","url":"https:\/\/www.porrinifrancospa.it\/wp-content\/uploads\/2022\/07\/mucolitici-cavalli-porrini.jpg","contentUrl":"https:\/\/www.porrinifrancospa.it\/wp-content\/uploads\/2022\/07\/mucolitici-cavalli-porrini.jpg","width":1024,"height":684,"caption":"L\u2019effetto mucolitico per cavalli attraverso l\u2019alimentazione - Porrini"},{"@type":"BreadcrumbList","@id":"https:\/\/www.porrinifrancospa.it\/it\/dentro-il-box\/leffetto-mucolitico-per-cavalli-attraverso-lalimentazione-complementare\/#breadcrumb","itemListElement":[{"@type":"ListItem","position":1,"name":"Home","item":"https:\/\/www.porrinifrancospa.it\/it\/"},{"@type":"ListItem","position":2,"name":"L\u2019effetto mucolitico per cavalli attraverso l\u2019alimentazione complementare"}]},{"@type":"WebSite","@id":"https:\/\/www.porrinifrancospa.it\/it\/#website","url":"https:\/\/www.porrinifrancospa.it\/it\/","name":"Porrini Franco S.p.A.","description":"Fioccati, trucioli, alimentazione e mangimi per cavalli","publisher":{"@id":"https:\/\/www.porrinifrancospa.it\/it\/#organization"},"potentialAction":[{"@type":"SearchAction","target":{"@type":"EntryPoint","urlTemplate":"https:\/\/www.porrinifrancospa.it\/it\/?s={search_term_string}"},"query-input":{"@type":"PropertyValueSpecification","valueRequired":true,"valueName":"search_term_string"}}],"inLanguage":"it-IT"},{"@type":"Organization","@id":"https:\/\/www.porrinifrancospa.it\/it\/#organization","name":"Porrini Franco S.p.A.","url":"https:\/\/www.porrinifrancospa.it\/it\/","logo":{"@type":"ImageObject","inLanguage":"it-IT","@id":"https:\/\/www.porrinifrancospa.it\/it\/#\/schema\/logo\/image\/","url":"https:\/\/www.porrinifrancospa.it\/wp-content\/uploads\/2021\/04\/porrini-logo.png","contentUrl":"https:\/\/www.porrinifrancospa.it\/wp-content\/uploads\/2021\/04\/porrini-logo.png","width":360,"height":160,"caption":"Porrini Franco S.p.A."},"image":{"@id":"https:\/\/www.porrinifrancospa.it\/it\/#\/schema\/logo\/image\/"},"sameAs":["https:\/\/www.facebook.com\/PorriniSpa\/"]},{"@type":"Person","@id":"https:\/\/www.porrinifrancospa.it\/it\/#\/schema\/person\/7d6368ba8f8159558115b86c2c30ddcb","name":"unique-admin","image":{"@type":"ImageObject","inLanguage":"it-IT","@id":"https:\/\/www.porrinifrancospa.it\/it\/#\/schema\/person\/image\/","url":"https:\/\/secure.gravatar.com\/avatar\/399a10d5a331b7c6f3e09887b8d45e25d720e90aff844d3b020e1a2140789e5d?s=96&d=mm&r=g","contentUrl":"https:\/\/secure.gravatar.com\/avatar\/399a10d5a331b7c6f3e09887b8d45e25d720e90aff844d3b020e1a2140789e5d?s=96&d=mm&r=g","caption":"unique-admin"},"sameAs":["https:\/\/www.porrinifrancospa.it"]}]}},"_links":{"self":[{"href":"https:\/\/www.porrinifrancospa.it\/it\/wp-json\/wp\/v2\/posts\/729","targetHints":{"allow":["GET"]}}],"collection":[{"href":"https:\/\/www.porrinifrancospa.it\/it\/wp-json\/wp\/v2\/posts"}],"about":[{"href":"https:\/\/www.porrinifrancospa.it\/it\/wp-json\/wp\/v2\/types\/post"}],"author":[{"embeddable":true,"href":"https:\/\/www.porrinifrancospa.it\/it\/wp-json\/wp\/v2\/users\/1"}],"replies":[{"embeddable":true,"href":"https:\/\/www.porrinifrancospa.it\/it\/wp-json\/wp\/v2\/comments?post=729"}],"version-history":[{"count":8,"href":"https:\/\/www.porrinifrancospa.it\/it\/wp-json\/wp\/v2\/posts\/729\/revisions"}],"predecessor-version":[{"id":739,"href":"https:\/\/www.porrinifrancospa.it\/it\/wp-json\/wp\/v2\/posts\/729\/revisions\/739"}],"wp:featuredmedia":[{"embeddable":true,"href":"https:\/\/www.porrinifrancospa.it\/it\/wp-json\/wp\/v2\/media\/731"}],"wp:attachment":[{"href":"https:\/\/www.porrinifrancospa.it\/it\/wp-json\/wp\/v2\/media?parent=729"}],"wp:term":[{"taxonomy":"category","embeddable":true,"href":"https:\/\/www.porrinifrancospa.it\/it\/wp-json\/wp\/v2\/categories?post=729"},{"taxonomy":"post_tag","embeddable":true,"href":"https:\/\/www.porrinifrancospa.it\/it\/wp-json\/wp\/v2\/tags?post=729"}],"curies":[{"name":"wp","href":"https:\/\/api.w.org\/{rel}","templated":true}]}}