{"id":438,"date":"2022-05-16T18:01:14","date_gmt":"2022-05-16T16:01:14","guid":{"rendered":"https:\/\/www.porrinifrancospa.it\/?p=438"},"modified":"2025-09-05T12:40:37","modified_gmt":"2025-09-05T10:40:37","slug":"la-laminite-nei-cavalli-e-limportanza-dellalimentazione-corretta","status":"publish","type":"post","link":"https:\/\/www.porrinifrancospa.it\/it\/dentro-il-box\/la-laminite-nei-cavalli-e-limportanza-dellalimentazione-corretta\/","title":{"rendered":"La laminite nei cavalli e l\u2019importanza dell\u2019alimentazione corretta"},"content":{"rendered":"\t\t<div data-elementor-type=\"wp-post\" data-elementor-id=\"438\" class=\"elementor elementor-438\" data-elementor-post-type=\"post\">\n\t\t\t\t\t\t<section class=\"elementor-section elementor-top-section elementor-element elementor-element-eebd1c2 elementor-section-boxed elementor-section-height-default elementor-section-height-default\" data-id=\"eebd1c2\" data-element_type=\"section\" data-settings=\"{&quot;background_background&quot;:&quot;classic&quot;}\">\n\t\t\t\t\t\t<div class=\"elementor-container elementor-column-gap-default\">\n\t\t\t\t\t<div class=\"elementor-column elementor-col-100 elementor-top-column elementor-element elementor-element-606d868\" data-id=\"606d868\" data-element_type=\"column\">\n\t\t\t<div class=\"elementor-widget-wrap elementor-element-populated\">\n\t\t\t\t\t\t<div class=\"elementor-element elementor-element-08178af elementor-widget elementor-widget-heading\" data-id=\"08178af\" data-element_type=\"widget\" data-widget_type=\"heading.default\">\n\t\t\t\t<div class=\"elementor-widget-container\">\n\t\t\t\t\t<h1 class=\"elementor-heading-title elementor-size-default\">Le necessit\u00e0 alimentari della fattrice durante la gravidanza<\/h1>\t\t\t\t<\/div>\n\t\t\t\t<\/div>\n\t\t\t\t\t<\/div>\n\t\t<\/div>\n\t\t\t\t\t<\/div>\n\t\t<\/section>\n\t\t\t\t<section class=\"elementor-section elementor-top-section elementor-element elementor-element-e536901 elementor-section-boxed elementor-section-height-default elementor-section-height-default\" data-id=\"e536901\" data-element_type=\"section\" data-settings=\"{&quot;background_background&quot;:&quot;gradient&quot;}\">\n\t\t\t\t\t\t<div class=\"elementor-container elementor-column-gap-default\">\n\t\t\t\t\t<div class=\"elementor-column elementor-col-100 elementor-top-column elementor-element elementor-element-7a8d2cd\" data-id=\"7a8d2cd\" data-element_type=\"column\">\n\t\t\t<div class=\"elementor-widget-wrap elementor-element-populated\">\n\t\t\t\t\t\t<div class=\"elementor-element elementor-element-9da6885 elementor-widget elementor-widget-image\" data-id=\"9da6885\" data-element_type=\"widget\" data-widget_type=\"image.default\">\n\t\t\t\t<div class=\"elementor-widget-container\">\n\t\t\t\t\t\t\t\t\t\t\t\t\t\t\t<img fetchpriority=\"high\" decoding=\"async\" width=\"800\" height=\"534\" src=\"https:\/\/www.porrinifrancospa.it\/wp-content\/uploads\/2022\/05\/laminite-cavalli-corretta-alimentazione-mangimi-porrini.jpg\" class=\"attachment-large size-large wp-image-440\" alt=\"La laminite nei cavalli e l\u2019importanza dell\u2019alimentazione corretta - Porrini\" srcset=\"https:\/\/www.porrinifrancospa.it\/wp-content\/uploads\/2022\/05\/laminite-cavalli-corretta-alimentazione-mangimi-porrini.jpg 946w, https:\/\/www.porrinifrancospa.it\/wp-content\/uploads\/2022\/05\/laminite-cavalli-corretta-alimentazione-mangimi-porrini-300x200.jpg 300w, https:\/\/www.porrinifrancospa.it\/wp-content\/uploads\/2022\/05\/laminite-cavalli-corretta-alimentazione-mangimi-porrini-768x513.jpg 768w\" sizes=\"(max-width: 800px) 100vw, 800px\" \/>\t\t\t\t\t\t\t\t\t\t\t\t\t\t\t<\/div>\n\t\t\t\t<\/div>\n\t\t\t\t\t<\/div>\n\t\t<\/div>\n\t\t\t\t\t<\/div>\n\t\t<\/section>\n\t\t\t\t<section class=\"elementor-section elementor-top-section elementor-element elementor-element-2eeb97d elementor-section-boxed elementor-section-height-default elementor-section-height-default\" data-id=\"2eeb97d\" data-element_type=\"section\">\n\t\t\t\t\t\t<div class=\"elementor-container elementor-column-gap-default\">\n\t\t\t\t\t<div class=\"elementor-column elementor-col-100 elementor-top-column elementor-element elementor-element-c66066a\" data-id=\"c66066a\" data-element_type=\"column\">\n\t\t\t<div class=\"elementor-widget-wrap elementor-element-populated\">\n\t\t\t\t\t\t<div class=\"elementor-element elementor-element-e3e06fa elementor-widget elementor-widget-text-editor\" data-id=\"e3e06fa\" data-element_type=\"widget\" data-widget_type=\"text-editor.default\">\n\t\t\t\t<div class=\"elementor-widget-container\">\n\t\t\t\t\t\t\t\t\t<p>La<b>\u00a0laminite<\/b> (o podoflemmatite) indica un\u2019<b>irritazione<\/b>\u00a0all\u2019interno dello zoccolo delle lamine cornee e dermiche del cavallo. Nei casi in cui vi sia una laminite acuta non curata a dovere si pu\u00f2\u00a0 determinare la <b>zoppia<\/b>\u00a0del piede del cavallo e sar\u00e0 molto difficoltoso recuperare la motilit\u00e0. Approfondiamo la causa scatenante e comprendiamo come si pu\u00f2 attuare la prevenzione della laminite.<\/p>\t\t\t\t\t\t\t\t<\/div>\n\t\t\t\t<\/div>\n\t\t\t\t<div class=\"elementor-element elementor-element-7f14f58 elementor-widget elementor-widget-heading\" data-id=\"7f14f58\" data-element_type=\"widget\" data-widget_type=\"heading.default\">\n\t\t\t\t<div class=\"elementor-widget-container\">\n\t\t\t\t\t<h2 class=\"elementor-heading-title elementor-size-default\">La causa scatenante della laminite<\/h2>\t\t\t\t<\/div>\n\t\t\t\t<\/div>\n\t\t\t\t<div class=\"elementor-element elementor-element-ba406f1 elementor-widget elementor-widget-text-editor\" data-id=\"ba406f1\" data-element_type=\"widget\" data-widget_type=\"text-editor.default\">\n\t\t\t\t<div class=\"elementor-widget-container\">\n\t\t\t\t\t\t\t\t\t<p>La laminite \u00e8 una patologia che si registra all\u2019interno dello zoccolo e in alcuni casi avviene la <b>parziale rotazione della III falange<\/b> che spesso conduce a perforare la suola e a zoppicare. Il cavallo oltre a sentire un fortissimo dolore ed essere obbligato all\u2019immobilit\u00e0 \u00e8 anche a rischio di forti infezioni.<\/p><p>Ma qual \u00e8 la causa scatenante principale della laminite? Secondo i recenti studi, i motivi potrebbero risiedere <b>nell\u2019uso di troppi carboidrati<\/b> nella dieta e nell\u2019ingestione di calorie non richieste dal fabbisogno effettivo.<\/p><p>Altri fattori connessi alla laminite o podoflemmatite sono:<\/p><ul><li>Il fare docce fredde quando l\u2019animale \u00e8 molto accaldato<\/li><li>Correre in modo prolungato su terreni duri e scoscesi<\/li><li>La presenza d\u2019infezioni pregresse non curate<\/li><li>Problemi intestinali e coliche continue<\/li><li>Avere il morbo di Cushing<\/li><li>Avvalersi di un maniscalco che cura gli zoccoli in modo inadeguato<\/li><\/ul><p>Negli allevamenti di cavalli sportivi ve ne sono molti affetti da laminite acuta. Questa patologia pu\u00f2 essere connessa anche a complicazioni durante la gravidanza o al parto come per esempio la <b>ritenzione della placenta.<\/b><\/p><p>Ad oggi l\u2019infezione delle lamine cornee e dermiche non ha alcuna guarigione totale, resta agli allevatori solo la possibilit\u00e0 di tenerla sotto controllo con piccoli accorgimenti (ad esempio usare una ferratura correttiva per le fattrici cos\u00ec che portino a compimento le gravidanze).<\/p><p>Per evitare che peggiori, e di <b>imparare a prevenirla,<\/b> osservare con attenzione i loro animali.<\/p>\t\t\t\t\t\t\t\t<\/div>\n\t\t\t\t<\/div>\n\t\t\t\t<div class=\"elementor-element elementor-element-d1d4cbd elementor-widget elementor-widget-heading\" data-id=\"d1d4cbd\" data-element_type=\"widget\" data-widget_type=\"heading.default\">\n\t\t\t\t<div class=\"elementor-widget-container\">\n\t\t\t\t\t<h2 class=\"elementor-heading-title elementor-size-default\">I diversi stadi di infiammazioni delle lamine cornee e dermiche<\/h2>\t\t\t\t<\/div>\n\t\t\t\t<\/div>\n\t\t\t\t<div class=\"elementor-element elementor-element-fafa2f7 elementor-widget elementor-widget-text-editor\" data-id=\"fafa2f7\" data-element_type=\"widget\" data-widget_type=\"text-editor.default\">\n\t\t\t\t<div class=\"elementor-widget-container\">\n\t\t\t\t\t\t\t\t\t<p>Per capire come intervenire bisogna prima individuare lo stadio dell\u2019infiammazione a cui sono sottoposte le lamine cornee e dermiche del cavallo.<\/p><p><b>Nella laminite acuta, <\/b>i cui sintomi sono evidenti gi\u00e0 entro le 24-48 ore, vi sono 4 gradi di gravit\u00e0 classificati per sintomatologia.<\/p><ul><li>Nel 1\u00ba Grado: il cavallo mostra fastidio alternando il peso da una zampa all\u2019altra in continuazione.<\/li><li>Nel 2\u00ba Grado: l\u2019animale si muove con passo lento e appare come se avesse paura di appoggiare la zampa con vigore al suolo.<\/li><li>Nel 3\u00ba Grado: il cavallo \u00e8 stressato e pesante, non si muove con piacere perch\u00e9 sottoposto a grande dolore e non si fa nemmeno toccare. Non riesce a sollevare l\u2019arto e mostrarlo e risulta spesso impossibile intervenire con una <b>ferratura correttiva<\/b>.<\/li><li>Nel 4\u00ba Grado: l\u2019animale non si muove e acquisisce la postura laminitica da stadio avanzato di decubito perch\u00e9 il dolore \u00e8 lancinante.<\/li><\/ul><p>Sussiste anche una tipologia di<b> laminite sub-acuta:<\/b> i sintomi sono di gravit\u00e0 lieve, il cavallo mostra sensibilit\u00e0 all\u2019interno dello zoccolo s\u00ec ma con buone possibilit\u00e0 di recupero.<\/p><p><b>La laminite o podoflemmatite refrattaria<\/b> rappresenta il caso in cui, nonostante il fattore si sia accorto del problema e abbia fornito cure appropriate e alimentazione calibrata, il cavallo mostra scarsi e lenti miglioramenti.<\/p><p>Quando si registra <b>la parziale rotazione della III falange<\/b> si tratta, invece, di stato cronico dell\u2019infiammazione e i danni permanenti comprometteranno per sempre il piede del cavallo.<\/p>\t\t\t\t\t\t\t\t<\/div>\n\t\t\t\t<\/div>\n\t\t\t\t<div class=\"elementor-element elementor-element-dacc81f elementor-widget elementor-widget-heading\" data-id=\"dacc81f\" data-element_type=\"widget\" data-widget_type=\"heading.default\">\n\t\t\t\t<div class=\"elementor-widget-container\">\n\t\t\t\t\t<h2 class=\"elementor-heading-title elementor-size-default\">Il piede del cavallo e la prevenzione della laminite<\/h2>\t\t\t\t<\/div>\n\t\t\t\t<\/div>\n\t\t\t\t<div class=\"elementor-element elementor-element-2a3cede elementor-widget elementor-widget-text-editor\" data-id=\"2a3cede\" data-element_type=\"widget\" data-widget_type=\"text-editor.default\">\n\t\t\t\t<div class=\"elementor-widget-container\">\n\t\t\t\t\t\t\t\t\t<p>Il piede del cavallo \u00e8 per sua natura al contempo robusto ma delicato, per cui \u00e8 necessario che l\u2019allevatore si occupi sempre di monitorare con attenzione ogni aspetto della vita in stalla per evitare problematiche.<\/p><p>\u00c8 possibile <b>ottenere una buona prevenzione<\/b> della laminite grazie anche allo studio oculato dell\u2019alimentazione somministrata, evitando shock termici come docce fredde, o l\u2019uso di zoccoli troppo sottili.<\/p><p>\u00c8 bene ricordare che il cavallo per conformazione intestinale non digerisce a dovere gli amidi somministrati semi-cotti o crudi e che invece per decenni negli allevamenti invece \u00e8 stato fatto cos\u00ec.<\/p><p>Oggi, in queste fasi delicate, si preferisce somministrare al cavallo solo un gruppo di amidi ad alta digeribilit\u00e0 (ad esempio cereali cotti ad alte temperature) per far diminuire le fermentazioni intestinali, i gonfiori, le coliche e la possibilit\u00e0 di laminite acuta.<\/p><p><a class=\"internal-link\" href=\"https:\/\/www.porrinifrancospa.it\/prodotti-per-cavalli\/mash-porrini\">I mangimi pi\u00f9 adatti in queste fasi delicate<\/a> sono quelli con l\u2019apporto di semi di lino che con i loro olii sono di grande aiuto contro le infiammazioni intestinali.<\/p><p>La prevenzione della laminite \u00e8 connessa quindi anche alla scelta e all\u2019uso di <a class=\"internal-link\" href=\"https:\/\/www.porrinifrancospa.it\/prodotti-per-cavalli\/linea-specialit%C3%A0\"><b>foraggi di qualit\u00e0<\/b><\/a><b> specifici <\/b>che contengano un basso contenuto di zuccheri e sostanze anti-infiammatorie naturali. Per tale motivo consigliamo di avvalervi di un nutrizionista esperto che concepisca a dovere le porzioni e moduli i diversi nutrienti presenti nei mangimi.<\/p>\t\t\t\t\t\t\t\t<\/div>\n\t\t\t\t<\/div>\n\t\t\t\t\t<\/div>\n\t\t<\/div>\n\t\t\t\t\t<\/div>\n\t\t<\/section>\n\t\t\t\t<\/div>\n\t\t","protected":false},"excerpt":{"rendered":"<p>Le necessit\u00e0 alimentari della fattrice durante la gravidanza La&nbsp;laminite (o podoflemmatite) indica un\u2019irritazione&nbsp;all\u2019interno dello zoccolo delle lamine cornee e dermiche del cavallo. Nei casi in cui vi sia una laminite acuta non curata a dovere si pu\u00f2&nbsp; determinare la zoppia&nbsp;del piede del cavallo e sar\u00e0 molto difficoltoso recuperare la motilit\u00e0. Approfondiamo la causa scatenante e [&hellip;]<\/p>\n","protected":false},"author":1,"featured_media":440,"comment_status":"closed","ping_status":"open","sticky":false,"template":"","format":"standard","meta":{"footnotes":""},"categories":[10],"tags":[],"class_list":["post-438","post","type-post","status-publish","format-standard","has-post-thumbnail","hentry","category-dentro-il-box"],"yoast_head":"<!-- This site is optimized with the Yoast SEO plugin v24.5 - https:\/\/yoast.com\/wordpress\/plugins\/seo\/ -->\n<title>La laminite nei cavalli e l\u2019importanza dell\u2019alimentazione corretta<\/title>\n<meta name=\"description\" content=\"La laminite (o podoflemmatite) indica un\u2019irritazione all\u2019interno dello zoccolo delle lamine cornee e dermiche del cavallo.\" \/>\n<meta name=\"robots\" content=\"index, follow, max-snippet:-1, max-image-preview:large, max-video-preview:-1\" \/>\n<link rel=\"canonical\" href=\"https:\/\/www.porrinifrancospa.it\/it\/dentro-il-box\/la-laminite-nei-cavalli-e-limportanza-dellalimentazione-corretta\/\" \/>\n<meta property=\"og:locale\" content=\"it_IT\" \/>\n<meta property=\"og:type\" content=\"article\" \/>\n<meta property=\"og:title\" content=\"La laminite nei cavalli e l\u2019importanza dell\u2019alimentazione corretta\" \/>\n<meta property=\"og:description\" content=\"La laminite (o podoflemmatite) indica un\u2019irritazione all\u2019interno dello zoccolo delle lamine cornee e dermiche del cavallo.\" \/>\n<meta property=\"og:url\" content=\"https:\/\/www.porrinifrancospa.it\/it\/dentro-il-box\/la-laminite-nei-cavalli-e-limportanza-dellalimentazione-corretta\/\" \/>\n<meta property=\"og:site_name\" content=\"Porrini Franco S.p.A.\" \/>\n<meta property=\"article:publisher\" content=\"https:\/\/www.facebook.com\/PorriniSpa\/\" \/>\n<meta property=\"article:published_time\" content=\"2022-05-16T16:01:14+00:00\" \/>\n<meta property=\"article:modified_time\" content=\"2025-09-05T10:40:37+00:00\" \/>\n<meta property=\"og:image\" content=\"https:\/\/www.porrinifrancospa.it\/wp-content\/uploads\/2022\/05\/laminite-cavalli-corretta-alimentazione-mangimi-porrini.jpg\" \/>\n\t<meta property=\"og:image:width\" content=\"946\" \/>\n\t<meta property=\"og:image:height\" content=\"632\" \/>\n\t<meta property=\"og:image:type\" content=\"image\/jpeg\" \/>\n<meta name=\"author\" content=\"unique-admin\" \/>\n<meta name=\"twitter:card\" content=\"summary_large_image\" \/>\n<meta name=\"twitter:label1\" content=\"Scritto da\" \/>\n\t<meta name=\"twitter:data1\" content=\"unique-admin\" \/>\n\t<meta name=\"twitter:label2\" content=\"Tempo di lettura stimato\" \/>\n\t<meta name=\"twitter:data2\" content=\"5 minuti\" \/>\n<script type=\"application\/ld+json\" class=\"yoast-schema-graph\">{\"@context\":\"https:\/\/schema.org\",\"@graph\":[{\"@type\":\"Article\",\"@id\":\"https:\/\/www.porrinifrancospa.it\/it\/dentro-il-box\/la-laminite-nei-cavalli-e-limportanza-dellalimentazione-corretta\/#article\",\"isPartOf\":{\"@id\":\"https:\/\/www.porrinifrancospa.it\/it\/dentro-il-box\/la-laminite-nei-cavalli-e-limportanza-dellalimentazione-corretta\/\"},\"author\":{\"name\":\"unique-admin\",\"@id\":\"https:\/\/www.porrinifrancospa.it\/it\/#\/schema\/person\/7d6368ba8f8159558115b86c2c30ddcb\"},\"headline\":\"La laminite nei cavalli e l\u2019importanza dell\u2019alimentazione corretta\",\"datePublished\":\"2022-05-16T16:01:14+00:00\",\"dateModified\":\"2025-09-05T10:40:37+00:00\",\"mainEntityOfPage\":{\"@id\":\"https:\/\/www.porrinifrancospa.it\/it\/dentro-il-box\/la-laminite-nei-cavalli-e-limportanza-dellalimentazione-corretta\/\"},\"wordCount\":783,\"publisher\":{\"@id\":\"https:\/\/www.porrinifrancospa.it\/it\/#organization\"},\"image\":{\"@id\":\"https:\/\/www.porrinifrancospa.it\/it\/dentro-il-box\/la-laminite-nei-cavalli-e-limportanza-dellalimentazione-corretta\/#primaryimage\"},\"thumbnailUrl\":\"https:\/\/www.porrinifrancospa.it\/wp-content\/uploads\/2022\/05\/laminite-cavalli-corretta-alimentazione-mangimi-porrini.jpg\",\"articleSection\":[\"Dentro il box\"],\"inLanguage\":\"it-IT\"},{\"@type\":\"WebPage\",\"@id\":\"https:\/\/www.porrinifrancospa.it\/it\/dentro-il-box\/la-laminite-nei-cavalli-e-limportanza-dellalimentazione-corretta\/\",\"url\":\"https:\/\/www.porrinifrancospa.it\/it\/dentro-il-box\/la-laminite-nei-cavalli-e-limportanza-dellalimentazione-corretta\/\",\"name\":\"La laminite nei cavalli e l\u2019importanza dell\u2019alimentazione corretta\",\"isPartOf\":{\"@id\":\"https:\/\/www.porrinifrancospa.it\/it\/#website\"},\"primaryImageOfPage\":{\"@id\":\"https:\/\/www.porrinifrancospa.it\/it\/dentro-il-box\/la-laminite-nei-cavalli-e-limportanza-dellalimentazione-corretta\/#primaryimage\"},\"image\":{\"@id\":\"https:\/\/www.porrinifrancospa.it\/it\/dentro-il-box\/la-laminite-nei-cavalli-e-limportanza-dellalimentazione-corretta\/#primaryimage\"},\"thumbnailUrl\":\"https:\/\/www.porrinifrancospa.it\/wp-content\/uploads\/2022\/05\/laminite-cavalli-corretta-alimentazione-mangimi-porrini.jpg\",\"datePublished\":\"2022-05-16T16:01:14+00:00\",\"dateModified\":\"2025-09-05T10:40:37+00:00\",\"description\":\"La laminite (o podoflemmatite) indica un\u2019irritazione all\u2019interno dello zoccolo delle lamine cornee e dermiche del cavallo.\",\"breadcrumb\":{\"@id\":\"https:\/\/www.porrinifrancospa.it\/it\/dentro-il-box\/la-laminite-nei-cavalli-e-limportanza-dellalimentazione-corretta\/#breadcrumb\"},\"inLanguage\":\"it-IT\",\"potentialAction\":[{\"@type\":\"ReadAction\",\"target\":[\"https:\/\/www.porrinifrancospa.it\/it\/dentro-il-box\/la-laminite-nei-cavalli-e-limportanza-dellalimentazione-corretta\/\"]}]},{\"@type\":\"ImageObject\",\"inLanguage\":\"it-IT\",\"@id\":\"https:\/\/www.porrinifrancospa.it\/it\/dentro-il-box\/la-laminite-nei-cavalli-e-limportanza-dellalimentazione-corretta\/#primaryimage\",\"url\":\"https:\/\/www.porrinifrancospa.it\/wp-content\/uploads\/2022\/05\/laminite-cavalli-corretta-alimentazione-mangimi-porrini.jpg\",\"contentUrl\":\"https:\/\/www.porrinifrancospa.it\/wp-content\/uploads\/2022\/05\/laminite-cavalli-corretta-alimentazione-mangimi-porrini.jpg\",\"width\":946,\"height\":632,\"caption\":\"La laminite nei cavalli e l\u2019importanza dell\u2019alimentazione corretta - Porrini\"},{\"@type\":\"BreadcrumbList\",\"@id\":\"https:\/\/www.porrinifrancospa.it\/it\/dentro-il-box\/la-laminite-nei-cavalli-e-limportanza-dellalimentazione-corretta\/#breadcrumb\",\"itemListElement\":[{\"@type\":\"ListItem\",\"position\":1,\"name\":\"Home\",\"item\":\"https:\/\/www.porrinifrancospa.it\/it\/\"},{\"@type\":\"ListItem\",\"position\":2,\"name\":\"La laminite nei cavalli e l\u2019importanza dell\u2019alimentazione corretta\"}]},{\"@type\":\"WebSite\",\"@id\":\"https:\/\/www.porrinifrancospa.it\/it\/#website\",\"url\":\"https:\/\/www.porrinifrancospa.it\/it\/\",\"name\":\"Porrini Franco S.p.A.\",\"description\":\"Fioccati, trucioli, alimentazione e mangimi per cavalli\",\"publisher\":{\"@id\":\"https:\/\/www.porrinifrancospa.it\/it\/#organization\"},\"potentialAction\":[{\"@type\":\"SearchAction\",\"target\":{\"@type\":\"EntryPoint\",\"urlTemplate\":\"https:\/\/www.porrinifrancospa.it\/it\/?s={search_term_string}\"},\"query-input\":{\"@type\":\"PropertyValueSpecification\",\"valueRequired\":true,\"valueName\":\"search_term_string\"}}],\"inLanguage\":\"it-IT\"},{\"@type\":\"Organization\",\"@id\":\"https:\/\/www.porrinifrancospa.it\/it\/#organization\",\"name\":\"Porrini Franco S.p.A.\",\"url\":\"https:\/\/www.porrinifrancospa.it\/it\/\",\"logo\":{\"@type\":\"ImageObject\",\"inLanguage\":\"it-IT\",\"@id\":\"https:\/\/www.porrinifrancospa.it\/it\/#\/schema\/logo\/image\/\",\"url\":\"https:\/\/www.porrinifrancospa.it\/wp-content\/uploads\/2021\/04\/porrini-logo.png\",\"contentUrl\":\"https:\/\/www.porrinifrancospa.it\/wp-content\/uploads\/2021\/04\/porrini-logo.png\",\"width\":360,\"height\":160,\"caption\":\"Porrini Franco S.p.A.\"},\"image\":{\"@id\":\"https:\/\/www.porrinifrancospa.it\/it\/#\/schema\/logo\/image\/\"},\"sameAs\":[\"https:\/\/www.facebook.com\/PorriniSpa\/\"]},{\"@type\":\"Person\",\"@id\":\"https:\/\/www.porrinifrancospa.it\/it\/#\/schema\/person\/7d6368ba8f8159558115b86c2c30ddcb\",\"name\":\"unique-admin\",\"image\":{\"@type\":\"ImageObject\",\"inLanguage\":\"it-IT\",\"@id\":\"https:\/\/www.porrinifrancospa.it\/it\/#\/schema\/person\/image\/\",\"url\":\"https:\/\/secure.gravatar.com\/avatar\/399a10d5a331b7c6f3e09887b8d45e25d720e90aff844d3b020e1a2140789e5d?s=96&d=mm&r=g\",\"contentUrl\":\"https:\/\/secure.gravatar.com\/avatar\/399a10d5a331b7c6f3e09887b8d45e25d720e90aff844d3b020e1a2140789e5d?s=96&d=mm&r=g\",\"caption\":\"unique-admin\"},\"sameAs\":[\"https:\/\/www.porrinifrancospa.it\"]}]}<\/script>\n<!-- \/ Yoast SEO plugin. -->","yoast_head_json":{"title":"La laminite nei cavalli e l\u2019importanza dell\u2019alimentazione corretta","description":"La laminite (o podoflemmatite) indica un\u2019irritazione all\u2019interno dello zoccolo delle lamine cornee e dermiche del cavallo.","robots":{"index":"index","follow":"follow","max-snippet":"max-snippet:-1","max-image-preview":"max-image-preview:large","max-video-preview":"max-video-preview:-1"},"canonical":"https:\/\/www.porrinifrancospa.it\/it\/dentro-il-box\/la-laminite-nei-cavalli-e-limportanza-dellalimentazione-corretta\/","og_locale":"it_IT","og_type":"article","og_title":"La laminite nei cavalli e l\u2019importanza dell\u2019alimentazione corretta","og_description":"La laminite (o podoflemmatite) indica un\u2019irritazione all\u2019interno dello zoccolo delle lamine cornee e dermiche del cavallo.","og_url":"https:\/\/www.porrinifrancospa.it\/it\/dentro-il-box\/la-laminite-nei-cavalli-e-limportanza-dellalimentazione-corretta\/","og_site_name":"Porrini Franco S.p.A.","article_publisher":"https:\/\/www.facebook.com\/PorriniSpa\/","article_published_time":"2022-05-16T16:01:14+00:00","article_modified_time":"2025-09-05T10:40:37+00:00","og_image":[{"width":946,"height":632,"url":"https:\/\/www.porrinifrancospa.it\/wp-content\/uploads\/2022\/05\/laminite-cavalli-corretta-alimentazione-mangimi-porrini.jpg","type":"image\/jpeg"}],"author":"unique-admin","twitter_card":"summary_large_image","twitter_misc":{"Scritto da":"unique-admin","Tempo di lettura stimato":"5 minuti"},"schema":{"@context":"https:\/\/schema.org","@graph":[{"@type":"Article","@id":"https:\/\/www.porrinifrancospa.it\/it\/dentro-il-box\/la-laminite-nei-cavalli-e-limportanza-dellalimentazione-corretta\/#article","isPartOf":{"@id":"https:\/\/www.porrinifrancospa.it\/it\/dentro-il-box\/la-laminite-nei-cavalli-e-limportanza-dellalimentazione-corretta\/"},"author":{"name":"unique-admin","@id":"https:\/\/www.porrinifrancospa.it\/it\/#\/schema\/person\/7d6368ba8f8159558115b86c2c30ddcb"},"headline":"La laminite nei cavalli e l\u2019importanza dell\u2019alimentazione corretta","datePublished":"2022-05-16T16:01:14+00:00","dateModified":"2025-09-05T10:40:37+00:00","mainEntityOfPage":{"@id":"https:\/\/www.porrinifrancospa.it\/it\/dentro-il-box\/la-laminite-nei-cavalli-e-limportanza-dellalimentazione-corretta\/"},"wordCount":783,"publisher":{"@id":"https:\/\/www.porrinifrancospa.it\/it\/#organization"},"image":{"@id":"https:\/\/www.porrinifrancospa.it\/it\/dentro-il-box\/la-laminite-nei-cavalli-e-limportanza-dellalimentazione-corretta\/#primaryimage"},"thumbnailUrl":"https:\/\/www.porrinifrancospa.it\/wp-content\/uploads\/2022\/05\/laminite-cavalli-corretta-alimentazione-mangimi-porrini.jpg","articleSection":["Dentro il box"],"inLanguage":"it-IT"},{"@type":"WebPage","@id":"https:\/\/www.porrinifrancospa.it\/it\/dentro-il-box\/la-laminite-nei-cavalli-e-limportanza-dellalimentazione-corretta\/","url":"https:\/\/www.porrinifrancospa.it\/it\/dentro-il-box\/la-laminite-nei-cavalli-e-limportanza-dellalimentazione-corretta\/","name":"La laminite nei cavalli e l\u2019importanza dell\u2019alimentazione corretta","isPartOf":{"@id":"https:\/\/www.porrinifrancospa.it\/it\/#website"},"primaryImageOfPage":{"@id":"https:\/\/www.porrinifrancospa.it\/it\/dentro-il-box\/la-laminite-nei-cavalli-e-limportanza-dellalimentazione-corretta\/#primaryimage"},"image":{"@id":"https:\/\/www.porrinifrancospa.it\/it\/dentro-il-box\/la-laminite-nei-cavalli-e-limportanza-dellalimentazione-corretta\/#primaryimage"},"thumbnailUrl":"https:\/\/www.porrinifrancospa.it\/wp-content\/uploads\/2022\/05\/laminite-cavalli-corretta-alimentazione-mangimi-porrini.jpg","datePublished":"2022-05-16T16:01:14+00:00","dateModified":"2025-09-05T10:40:37+00:00","description":"La laminite (o podoflemmatite) indica un\u2019irritazione all\u2019interno dello zoccolo delle lamine cornee e dermiche del cavallo.","breadcrumb":{"@id":"https:\/\/www.porrinifrancospa.it\/it\/dentro-il-box\/la-laminite-nei-cavalli-e-limportanza-dellalimentazione-corretta\/#breadcrumb"},"inLanguage":"it-IT","potentialAction":[{"@type":"ReadAction","target":["https:\/\/www.porrinifrancospa.it\/it\/dentro-il-box\/la-laminite-nei-cavalli-e-limportanza-dellalimentazione-corretta\/"]}]},{"@type":"ImageObject","inLanguage":"it-IT","@id":"https:\/\/www.porrinifrancospa.it\/it\/dentro-il-box\/la-laminite-nei-cavalli-e-limportanza-dellalimentazione-corretta\/#primaryimage","url":"https:\/\/www.porrinifrancospa.it\/wp-content\/uploads\/2022\/05\/laminite-cavalli-corretta-alimentazione-mangimi-porrini.jpg","contentUrl":"https:\/\/www.porrinifrancospa.it\/wp-content\/uploads\/2022\/05\/laminite-cavalli-corretta-alimentazione-mangimi-porrini.jpg","width":946,"height":632,"caption":"La laminite nei cavalli e l\u2019importanza dell\u2019alimentazione corretta - Porrini"},{"@type":"BreadcrumbList","@id":"https:\/\/www.porrinifrancospa.it\/it\/dentro-il-box\/la-laminite-nei-cavalli-e-limportanza-dellalimentazione-corretta\/#breadcrumb","itemListElement":[{"@type":"ListItem","position":1,"name":"Home","item":"https:\/\/www.porrinifrancospa.it\/it\/"},{"@type":"ListItem","position":2,"name":"La laminite nei cavalli e l\u2019importanza dell\u2019alimentazione corretta"}]},{"@type":"WebSite","@id":"https:\/\/www.porrinifrancospa.it\/it\/#website","url":"https:\/\/www.porrinifrancospa.it\/it\/","name":"Porrini Franco S.p.A.","description":"Fioccati, trucioli, alimentazione e mangimi per cavalli","publisher":{"@id":"https:\/\/www.porrinifrancospa.it\/it\/#organization"},"potentialAction":[{"@type":"SearchAction","target":{"@type":"EntryPoint","urlTemplate":"https:\/\/www.porrinifrancospa.it\/it\/?s={search_term_string}"},"query-input":{"@type":"PropertyValueSpecification","valueRequired":true,"valueName":"search_term_string"}}],"inLanguage":"it-IT"},{"@type":"Organization","@id":"https:\/\/www.porrinifrancospa.it\/it\/#organization","name":"Porrini Franco S.p.A.","url":"https:\/\/www.porrinifrancospa.it\/it\/","logo":{"@type":"ImageObject","inLanguage":"it-IT","@id":"https:\/\/www.porrinifrancospa.it\/it\/#\/schema\/logo\/image\/","url":"https:\/\/www.porrinifrancospa.it\/wp-content\/uploads\/2021\/04\/porrini-logo.png","contentUrl":"https:\/\/www.porrinifrancospa.it\/wp-content\/uploads\/2021\/04\/porrini-logo.png","width":360,"height":160,"caption":"Porrini Franco S.p.A."},"image":{"@id":"https:\/\/www.porrinifrancospa.it\/it\/#\/schema\/logo\/image\/"},"sameAs":["https:\/\/www.facebook.com\/PorriniSpa\/"]},{"@type":"Person","@id":"https:\/\/www.porrinifrancospa.it\/it\/#\/schema\/person\/7d6368ba8f8159558115b86c2c30ddcb","name":"unique-admin","image":{"@type":"ImageObject","inLanguage":"it-IT","@id":"https:\/\/www.porrinifrancospa.it\/it\/#\/schema\/person\/image\/","url":"https:\/\/secure.gravatar.com\/avatar\/399a10d5a331b7c6f3e09887b8d45e25d720e90aff844d3b020e1a2140789e5d?s=96&d=mm&r=g","contentUrl":"https:\/\/secure.gravatar.com\/avatar\/399a10d5a331b7c6f3e09887b8d45e25d720e90aff844d3b020e1a2140789e5d?s=96&d=mm&r=g","caption":"unique-admin"},"sameAs":["https:\/\/www.porrinifrancospa.it"]}]}},"_links":{"self":[{"href":"https:\/\/www.porrinifrancospa.it\/it\/wp-json\/wp\/v2\/posts\/438","targetHints":{"allow":["GET"]}}],"collection":[{"href":"https:\/\/www.porrinifrancospa.it\/it\/wp-json\/wp\/v2\/posts"}],"about":[{"href":"https:\/\/www.porrinifrancospa.it\/it\/wp-json\/wp\/v2\/types\/post"}],"author":[{"embeddable":true,"href":"https:\/\/www.porrinifrancospa.it\/it\/wp-json\/wp\/v2\/users\/1"}],"replies":[{"embeddable":true,"href":"https:\/\/www.porrinifrancospa.it\/it\/wp-json\/wp\/v2\/comments?post=438"}],"version-history":[{"count":5,"href":"https:\/\/www.porrinifrancospa.it\/it\/wp-json\/wp\/v2\/posts\/438\/revisions"}],"predecessor-version":[{"id":444,"href":"https:\/\/www.porrinifrancospa.it\/it\/wp-json\/wp\/v2\/posts\/438\/revisions\/444"}],"wp:featuredmedia":[{"embeddable":true,"href":"https:\/\/www.porrinifrancospa.it\/it\/wp-json\/wp\/v2\/media\/440"}],"wp:attachment":[{"href":"https:\/\/www.porrinifrancospa.it\/it\/wp-json\/wp\/v2\/media?parent=438"}],"wp:term":[{"taxonomy":"category","embeddable":true,"href":"https:\/\/www.porrinifrancospa.it\/it\/wp-json\/wp\/v2\/categories?post=438"},{"taxonomy":"post_tag","embeddable":true,"href":"https:\/\/www.porrinifrancospa.it\/it\/wp-json\/wp\/v2\/tags?post=438"}],"curies":[{"name":"wp","href":"https:\/\/api.w.org\/{rel}","templated":true}]}}